{"id":658,"date":"2022-12-11T12:27:51","date_gmt":"2022-12-11T12:27:51","guid":{"rendered":"https:\/\/michalbaranski.pl\/?p=658"},"modified":"2022-12-11T12:31:03","modified_gmt":"2022-12-11T12:31:03","slug":"pytania-i-odpowiedzi-2","status":"publish","type":"post","link":"https:\/\/michalbaranski.pl\/index.php\/2022\/12\/11\/pytania-i-odpowiedzi-2\/","title":{"rendered":"Pytania i odpowiedzi"},"content":{"rendered":"<p>Trzecia niedziela Adwentu ukazuje Jana Chrzciciela w diametralnie innej sytuacji. Ju\u017c nie jest w stanie wype\u0142nia\u0107 swojej misji, gdy\u017c jest zamkni\u0119ty w wi\u0119zieniu. Co wi\u0119cej, pojawiaj\u0105 si\u0119 w nim w\u0105tpliwo\u015bci: czy zapowiadanym Mesjaszem jest faktycznie Jezus z Nazaretu, czy mo\u017ce trzeba jeszcze czeka\u0107 na kogo\u015b innego. Jan wysy\u0142a uczni\u00f3w do Jezusa z zapytaniem wprost i te\u017c nie otrzymuje konkretnej odpowiedzi: <em>\u201eId\u017acie i oznajmijcie Janowi to, co s\u0142yszycie i na co patrzycie&#8230;&#8221;<\/em>. Tak jakby chcia\u0142 powiedzie\u0107: &#8222;zobacz co si\u0119 dzieje i sam wyci\u0105gnij wnioski&#8221;.<\/p>\n<p>Sytuacja Jana pokazuje troch\u0119 kondycj\u0119 cz\u0142owieka wierz\u0105cego &#8211; niby wie, ale nie do ko\u0144ca. Chrze\u015bcijanin jest powo\u0142any do poszukiwania odpowiedzi. B\u00f3g nie jest dla cz\u0142owieka kim\u015b na kszta\u0142t GPSu, kt\u00f3ry poka\u017ce tras\u0119 z dok\u0142adno\u015bci\u0105 metra i jeszcze wyliczy czas dotarcia do celu przy uwzgl\u0119dnieniu wszelkich warunk\u00f3w drogowych. B\u00f3g jest dobrym nauczycielem. A ka\u017cdy chyba wie, \u017ce dobry nauczyciel to ten, kt\u00f3ry zmotywuje ucznia do samodzielnego poszukiwania rozwi\u0105zania. B\u00f3g te\u017c nie daje odpowiedzi wprost. Poka\u017ce znaki, przeka\u017ce wskaz\u00f3wki, ale wnioski i decyzje nale\u017c\u0105 do mnie. Jan Chrzciciel zostaje przez Jezusa nazwany najwi\u0119kszym spo\u015br\u00f3d prorok\u00f3w &#8211; a przecie\u017c niepozbawionym w\u0105tpliwo\u015bci. Nie jest jednak ani &#8222;trzcin\u0105 ko\u0142ysz\u0105c\u0105 si\u0119 na wietrze&#8221;, czyli cz\u0142owiekiem id\u0105cym tam gdzie wszyscy, ani &#8222;cz\u0142owiekiem ubranym w mi\u0119kkie szaty&#8221;, czyli kim\u015b, kto sam wie najlepiej. Raczej kim\u015b, kto chce i potrafi odczytywa\u0107 znaki Bo\u017cej obecno\u015bci &#8211; i tu jest stawiany za wz\u00f3r. Dlatego dla mnie osobi\u015bcie wiara jest czym\u015b nieustannie fascynuj\u0105cym &#8211; bo cz\u0142owiek mo\u017ce ci\u0105gle zadawa\u0107 pytania i poszukiwa\u0107 odpowiedzi. Szuka\u0107 g\u0142\u0119biej i odkrywa\u0107 wci\u0105\u017c wi\u0119cej. To si\u0119 nigdy nie znudzi.<\/p>\n","protected":false},"excerpt":{"rendered":"<p>Trzecia niedziela Adwentu ukazuje Jana Chrzciciela w diametralnie innej sytuacji. Ju\u017c nie jest w stanie wype\u0142nia\u0107 swojej misji,&#8230;<\/p>\n","protected":false},"author":1,"featured_media":659,"comment_status":"open","ping_status":"open","sticky":false,"template":"","format":"standard","meta":{"footnotes":""},"categories":[10,4],"tags":[],"class_list":["post-658","post","type-post","status-publish","format-standard","has-post-thumbnail","hentry","category-blog","category-mysli"],"_links":{"self":[{"href":"https:\/\/michalbaranski.pl\/index.php\/wp-json\/wp\/v2\/posts\/658","targetHints":{"allow":["GET"]}}],"collection":[{"href":"https:\/\/michalbaranski.pl\/index.php\/wp-json\/wp\/v2\/posts"}],"about":[{"href":"https:\/\/michalbaranski.pl\/index.php\/wp-json\/wp\/v2\/types\/post"}],"author":[{"embeddable":true,"href":"https:\/\/michalbaranski.pl\/index.php\/wp-json\/wp\/v2\/users\/1"}],"replies":[{"embeddable":true,"href":"https:\/\/michalbaranski.pl\/index.php\/wp-json\/wp\/v2\/comments?post=658"}],"version-history":[{"count":2,"href":"https:\/\/michalbaranski.pl\/index.php\/wp-json\/wp\/v2\/posts\/658\/revisions"}],"predecessor-version":[{"id":662,"href":"https:\/\/michalbaranski.pl\/index.php\/wp-json\/wp\/v2\/posts\/658\/revisions\/662"}],"wp:featuredmedia":[{"embeddable":true,"href":"https:\/\/michalbaranski.pl\/index.php\/wp-json\/wp\/v2\/media\/659"}],"wp:attachment":[{"href":"https:\/\/michalbaranski.pl\/index.php\/wp-json\/wp\/v2\/media?parent=658"}],"wp:term":[{"taxonomy":"category","embeddable":true,"href":"https:\/\/michalbaranski.pl\/index.php\/wp-json\/wp\/v2\/categories?post=658"},{"taxonomy":"post_tag","embeddable":true,"href":"https:\/\/michalbaranski.pl\/index.php\/wp-json\/wp\/v2\/tags?post=658"}],"curies":[{"name":"wp","href":"https:\/\/api.w.org\/{rel}","templated":true}]}}